{"id":6952,"date":"2023-12-21T17:14:42","date_gmt":"2023-12-21T17:14:42","guid":{"rendered":"https:\/\/exportbrasil.org\/2023\/12\/chile-ambipar-desenvolve-tres-centros-de-recuperacao-de-residuos\/"},"modified":"2023-12-21T18:29:48","modified_gmt":"2023-12-21T18:29:48","slug":"chile-ambipar-desenvolve-tres-centros-de-recuperacao-de-residuos","status":"publish","type":"post","link":"https:\/\/exportbrasil.org\/pt-br\/2023\/12\/chile-ambipar-desenvolve-tres-centros-de-recuperacao-de-residuos\/","title":{"rendered":"CHILE: Ambipar desenvolve tr\u00eas centros de recupera\u00e7\u00e3o de res\u00edduos"},"content":{"rendered":"\n<p><a href=\"https:\/\/www.ice.it\/it\/news\/notizie-dal-mondo\/250257\" data-type=\"link\" data-id=\"https:\/\/www.ice.it\/it\/news\/notizie-dal-mondo\/250257\"><strong>Fonte: ICE &#8211; Ag\u00eancia Italiana de Com\u00e9rcio e Investimento<\/strong><\/a><\/p>\n\n<p>A empresa de gest\u00e3o ambiental Ambipar Environment anunciou novos investimentos na regi\u00e3o de Tarapac\u00e1 e Los Lagos, que consistem em duas plantas para recep\u00e7\u00e3o, coleta, classifica\u00e7\u00e3o e reciclagem de res\u00edduos s\u00f3lidos, que fornecer\u00e3o 10.000 toneladas de capacidade anual cada. Essas iniciativas, que entrar\u00e3o em opera\u00e7\u00e3o em 2024, se somam ao Centro GIRI, atualmente em constru\u00e7\u00e3o no munic\u00edpio de Quilicura, na Regi\u00e3o Metropolitana, e cuja entrada em opera\u00e7\u00e3o est\u00e1 prevista para dezembro deste ano. Com um investimento total de US$ 30 milh\u00f5es, a Ambipar Environment pretende se consolidar como l\u00edder no ecossistema de recupera\u00e7\u00e3o de res\u00edduos, fornecendo solu\u00e7\u00f5es para a classifica\u00e7\u00e3o e o pr\u00e9-tratamento de res\u00edduos s\u00f3lidos de diferentes ind\u00fastrias e sistemas de gerenciamento de REP, com modelos de desenvolvimento inspirados nos conceitos de economia circular e neutralidade de carbono. (ICE SANTIAGO)<\/p>\n\n<p>Fonte da not\u00edcia: Revista Construcci\u00f3n<\/p>\n","protected":false},"excerpt":{"rendered":"<p>Fonte: ICE &#8211; Ag\u00eancia Italiana de Com\u00e9rcio e Investimento A empresa de gest\u00e3o ambiental Ambipar Environment anunciou novos investimentos na regi\u00e3o de Tarapac\u00e1 e Los Lagos, que consistem em duas&#8230;<\/p>\n","protected":false},"author":1,"featured_media":6944,"comment_status":"closed","ping_status":"open","sticky":false,"template":"","format":"standard","meta":{"inline_featured_image":false,"footnotes":""},"categories":[54],"tags":[67,66,46,65],"class_list":{"0":"post-6952","1":"post","2":"type-post","3":"status-publish","4":"format-standard","5":"has-post-thumbnail","7":"category-energia-pt-br","8":"tag-ambipar-pt-br","9":"tag-chile","10":"tag-energia-pt-br","11":"tag-recuperacao-de-residuos"},"_links":{"self":[{"href":"https:\/\/exportbrasil.org\/pt-br\/wp-json\/wp\/v2\/posts\/6952","targetHints":{"allow":["GET"]}}],"collection":[{"href":"https:\/\/exportbrasil.org\/pt-br\/wp-json\/wp\/v2\/posts"}],"about":[{"href":"https:\/\/exportbrasil.org\/pt-br\/wp-json\/wp\/v2\/types\/post"}],"author":[{"embeddable":true,"href":"https:\/\/exportbrasil.org\/pt-br\/wp-json\/wp\/v2\/users\/1"}],"replies":[{"embeddable":true,"href":"https:\/\/exportbrasil.org\/pt-br\/wp-json\/wp\/v2\/comments?post=6952"}],"version-history":[{"count":7,"href":"https:\/\/exportbrasil.org\/pt-br\/wp-json\/wp\/v2\/posts\/6952\/revisions"}],"predecessor-version":[{"id":6961,"href":"https:\/\/exportbrasil.org\/pt-br\/wp-json\/wp\/v2\/posts\/6952\/revisions\/6961"}],"wp:featuredmedia":[{"embeddable":true,"href":"https:\/\/exportbrasil.org\/pt-br\/wp-json\/wp\/v2\/media\/6944"}],"wp:attachment":[{"href":"https:\/\/exportbrasil.org\/pt-br\/wp-json\/wp\/v2\/media?parent=6952"}],"wp:term":[{"taxonomy":"category","embeddable":true,"href":"https:\/\/exportbrasil.org\/pt-br\/wp-json\/wp\/v2\/categories?post=6952"},{"taxonomy":"post_tag","embeddable":true,"href":"https:\/\/exportbrasil.org\/pt-br\/wp-json\/wp\/v2\/tags?post=6952"}],"curies":[{"name":"wp","href":"https:\/\/api.w.org\/{rel}","templated":true}]}}